{"id":8862,"date":"2026-04-14T10:39:07","date_gmt":"2026-04-14T08:39:07","guid":{"rendered":"https:\/\/www.thecityrent.be\/offre-demploi-technico-commercial\/"},"modified":"2026-04-14T10:39:09","modified_gmt":"2026-04-14T08:39:09","slug":"offre-demploi-technico-commercial","status":"publish","type":"post","link":"https:\/\/www.thecityrent.be\/de\/offre-demploi-technico-commercial\/","title":{"rendered":"Offre d&#8217;emploi : Technico-commercial"},"content":{"rendered":"\n<p><strong>\ud83d\udccd Province de Li\u00e8ge | \ud83d\udd52 Temps plein<\/strong><\/p>\n\n<p>Nous recherchons un(e)\u00a0<strong>Technico-commercial(e)<\/strong>\u00a0pour renforcer notre pr\u00e9sence en Province de Li\u00e8ge dans le secteur de la location et de la vente de mat\u00e9riel et d\u2019outillage professionnel.<\/p>\n\n<p class=\"has-medium-font-size\"><strong>Votre mission<\/strong><\/p>\n\n<p>Vous \u00eates en charge du d\u00e9veloppement et du suivi de notre portefeuille clients.<br\/>\u00c0 ce titre, vous :<\/p>\n\n<ul class=\"wp-block-list\">\n<li>Entretenez et d\u00e9veloppez les relations avec nos clients existants<\/li>\n\n\n\n<li>Prospectez activement de nouveaux clients<\/li>\n\n\n\n<li>Identifiez les besoins techniques et proposez des solutions adapt\u00e9es<\/li>\n\n\n\n<li>Assurez le suivi commercial des offres et des projets<\/li>\n\n\n\n<li>Repr\u00e9sentez l\u2019image et les valeurs de l\u2019entreprise sur le terrain<\/li>\n<\/ul>\n\n<p class=\"has-medium-font-size\"><strong>Votre profil<\/strong><\/p>\n\n<ul class=\"wp-block-list\">\n<li>Vous disposez du\u00a0<strong>permis B<\/strong><\/li>\n\n\n\n<li>Vous avez un int\u00e9r\u00eat pour le secteur du mat\u00e9riel, des machines et de l\u2019outillage<\/li>\n\n\n\n<li>Des notions techniques constituent un atout<\/li>\n\n\n\n<li>La ma\u00eetrise d\u2019une seconde langue est un plus<\/li>\n\n\n\n<li>Vous\u00a0avez la fibre commerciale<\/li>\n<\/ul>\n\n<p class=\"has-medium-font-size\"><strong>Nous offrons<\/strong><\/p>\n\n<ul class=\"wp-block-list\">\n<li>Un poste vari\u00e9 et dynamique, proche du terrain<\/li>\n\n\n\n<li>Une entreprise en pleine \u00e9volution<\/li>\n\n\n\n<li>Un environnement professionnel stimulant<\/li>\n\n\n\n<li>Une fonction \u00e0 responsabilit\u00e9s avec autonomie<\/li>\n<\/ul>\n\n<p>\ud83d\udc49 Envoyez votre candidature \u00e0\u00a0<strong>Mr Pierre Zahnen : <a href=\"mailto:location@thecityrent.be\" target=\"_blank\" rel=\"noreferrer noopener\">location@thecityrent.be<\/a><\/strong><\/p>\n\n<p><\/p>\n","protected":false},"excerpt":{"rendered":"<p>Nous recherchons un(e) Technico-commercial(e) pour renforcer notre pr\u00e9sence en Province de Li\u00e8ge dans le secteur de la location et de la vente de mat\u00e9riel et d\u2019outillage professionnel.<\/p>\n","protected":false},"author":2,"featured_media":8649,"comment_status":"closed","ping_status":"closed","sticky":false,"template":"","format":"standard","meta":{"_acf_changed":false,"footnotes":""},"categories":[130],"tags":[],"class_list":["post-8862","post","type-post","status-publish","format-standard","has-post-thumbnail","hentry","category-news-de"],"acf":[],"yoast_head":"<!-- This site is optimized with the Yoast SEO plugin v27.5 - https:\/\/yoast.com\/product\/yoast-seo-wordpress\/ -->\n<title>Offre d&#039;emploi : Technico-commercial - The City Rent &amp; Partner<\/title>\n<meta name=\"robots\" content=\"noindex, follow\" \/>\n<meta property=\"og:locale\" content=\"de_DE\" \/>\n<meta property=\"og:type\" content=\"article\" \/>\n<meta property=\"og:title\" content=\"Offre d&#039;emploi : Technico-commercial - The City Rent &amp; Partner\" \/>\n<meta property=\"og:description\" content=\"Nous recherchons un(e) Technico-commercial(e) pour renforcer notre pr\u00e9sence en Province de Li\u00e8ge dans le secteur de la location et de la vente de mat\u00e9riel et d\u2019outillage professionnel.\" \/>\n<meta property=\"og:url\" content=\"https:\/\/www.thecityrent.be\/de\/offre-demploi-technico-commercial\/\" \/>\n<meta property=\"og:site_name\" content=\"The City Rent &amp; Partner\" \/>\n<meta property=\"article:published_time\" content=\"2026-04-14T08:39:07+00:00\" \/>\n<meta property=\"article:modified_time\" content=\"2026-04-14T08:39:09+00:00\" \/>\n<meta property=\"og:image\" content=\"https:\/\/www.thecityrent.be\/wp-content\/uploads\/2026-02.jpg\" \/>\n\t<meta property=\"og:image:width\" content=\"1080\" \/>\n\t<meta property=\"og:image:height\" content=\"1350\" \/>\n\t<meta property=\"og:image:type\" content=\"image\/jpeg\" \/>\n<meta name=\"author\" content=\"Client\" \/>\n<meta name=\"twitter:card\" content=\"summary_large_image\" \/>\n<meta name=\"twitter:label1\" content=\"Verfasst von\" \/>\n\t<meta name=\"twitter:data1\" content=\"Client\" \/>\n\t<meta name=\"twitter:label2\" content=\"Gesch\u00e4tzte Lesezeit\" \/>\n\t<meta name=\"twitter:data2\" content=\"1\u00a0Minute\" \/>\n<script type=\"application\/ld+json\" class=\"yoast-schema-graph\">{\"@context\":\"https:\\\/\\\/schema.org\",\"@graph\":[{\"@type\":\"Article\",\"@id\":\"https:\\\/\\\/www.thecityrent.be\\\/de\\\/offre-demploi-technico-commercial\\\/#article\",\"isPartOf\":{\"@id\":\"https:\\\/\\\/www.thecityrent.be\\\/de\\\/offre-demploi-technico-commercial\\\/\"},\"author\":{\"name\":\"Client\",\"@id\":\"https:\\\/\\\/www.thecityrent.be\\\/#\\\/schema\\\/person\\\/f9f8f47c51c9d07eefdc80df299e90e9\"},\"headline\":\"Offre d&#8217;emploi : Technico-commercial\",\"datePublished\":\"2026-04-14T08:39:07+00:00\",\"dateModified\":\"2026-04-14T08:39:09+00:00\",\"mainEntityOfPage\":{\"@id\":\"https:\\\/\\\/www.thecityrent.be\\\/de\\\/offre-demploi-technico-commercial\\\/\"},\"wordCount\":189,\"image\":{\"@id\":\"https:\\\/\\\/www.thecityrent.be\\\/de\\\/offre-demploi-technico-commercial\\\/#primaryimage\"},\"thumbnailUrl\":\"https:\\\/\\\/www.thecityrent.be\\\/wp-content\\\/uploads\\\/2026-02.jpg\",\"articleSection\":[\"News\"],\"inLanguage\":\"de\"},{\"@type\":\"WebPage\",\"@id\":\"https:\\\/\\\/www.thecityrent.be\\\/de\\\/offre-demploi-technico-commercial\\\/\",\"url\":\"https:\\\/\\\/www.thecityrent.be\\\/de\\\/offre-demploi-technico-commercial\\\/\",\"name\":\"Offre d'emploi : Technico-commercial - The City Rent &amp; Partner\",\"isPartOf\":{\"@id\":\"https:\\\/\\\/www.thecityrent.be\\\/#website\"},\"primaryImageOfPage\":{\"@id\":\"https:\\\/\\\/www.thecityrent.be\\\/de\\\/offre-demploi-technico-commercial\\\/#primaryimage\"},\"image\":{\"@id\":\"https:\\\/\\\/www.thecityrent.be\\\/de\\\/offre-demploi-technico-commercial\\\/#primaryimage\"},\"thumbnailUrl\":\"https:\\\/\\\/www.thecityrent.be\\\/wp-content\\\/uploads\\\/2026-02.jpg\",\"datePublished\":\"2026-04-14T08:39:07+00:00\",\"dateModified\":\"2026-04-14T08:39:09+00:00\",\"author\":{\"@id\":\"https:\\\/\\\/www.thecityrent.be\\\/#\\\/schema\\\/person\\\/f9f8f47c51c9d07eefdc80df299e90e9\"},\"breadcrumb\":{\"@id\":\"https:\\\/\\\/www.thecityrent.be\\\/de\\\/offre-demploi-technico-commercial\\\/#breadcrumb\"},\"inLanguage\":\"de\",\"potentialAction\":[{\"@type\":\"ReadAction\",\"target\":[\"https:\\\/\\\/www.thecityrent.be\\\/de\\\/offre-demploi-technico-commercial\\\/\"]}]},{\"@type\":\"ImageObject\",\"inLanguage\":\"de\",\"@id\":\"https:\\\/\\\/www.thecityrent.be\\\/de\\\/offre-demploi-technico-commercial\\\/#primaryimage\",\"url\":\"https:\\\/\\\/www.thecityrent.be\\\/wp-content\\\/uploads\\\/2026-02.jpg\",\"contentUrl\":\"https:\\\/\\\/www.thecityrent.be\\\/wp-content\\\/uploads\\\/2026-02.jpg\",\"width\":1080,\"height\":1350},{\"@type\":\"BreadcrumbList\",\"@id\":\"https:\\\/\\\/www.thecityrent.be\\\/de\\\/offre-demploi-technico-commercial\\\/#breadcrumb\",\"itemListElement\":[{\"@type\":\"ListItem\",\"position\":1,\"name\":\"Home\",\"item\":\"https:\\\/\\\/www.thecityrent.be\\\/de\\\/\"},{\"@type\":\"ListItem\",\"position\":2,\"name\":\"Offre d&#8217;emploi : Technico-commercial\"}]},{\"@type\":\"WebSite\",\"@id\":\"https:\\\/\\\/www.thecityrent.be\\\/#website\",\"url\":\"https:\\\/\\\/www.thecityrent.be\\\/\",\"name\":\"The City Rent &amp; Partner\",\"description\":\"Votre partenaire pour la location de mat\u00e9riel, outillage &amp; v\u00e9hicules\",\"potentialAction\":[{\"@type\":\"SearchAction\",\"target\":{\"@type\":\"EntryPoint\",\"urlTemplate\":\"https:\\\/\\\/www.thecityrent.be\\\/?s={search_term_string}\"},\"query-input\":{\"@type\":\"PropertyValueSpecification\",\"valueRequired\":true,\"valueName\":\"search_term_string\"}}],\"inLanguage\":\"de\"},{\"@type\":\"Person\",\"@id\":\"https:\\\/\\\/www.thecityrent.be\\\/#\\\/schema\\\/person\\\/f9f8f47c51c9d07eefdc80df299e90e9\",\"name\":\"Client\",\"image\":{\"@type\":\"ImageObject\",\"inLanguage\":\"de\",\"@id\":\"https:\\\/\\\/secure.gravatar.com\\\/avatar\\\/77950e4043a998dd87e03a0ad238102c532fb381f4a61cbffdba8acfed488ebc?s=96&d=mm&r=g\",\"url\":\"https:\\\/\\\/secure.gravatar.com\\\/avatar\\\/77950e4043a998dd87e03a0ad238102c532fb381f4a61cbffdba8acfed488ebc?s=96&d=mm&r=g\",\"contentUrl\":\"https:\\\/\\\/secure.gravatar.com\\\/avatar\\\/77950e4043a998dd87e03a0ad238102c532fb381f4a61cbffdba8acfed488ebc?s=96&d=mm&r=g\",\"caption\":\"Client\"},\"description\":\"USsgtce89N#SG0HGYcXD9BRg\"}]}<\/script>\n<!-- \/ Yoast SEO plugin. -->","yoast_head_json":{"title":"Offre d'emploi : Technico-commercial - The City Rent &amp; Partner","robots":{"index":"noindex","follow":"follow"},"og_locale":"de_DE","og_type":"article","og_title":"Offre d'emploi : Technico-commercial - The City Rent &amp; Partner","og_description":"Nous recherchons un(e) Technico-commercial(e) pour renforcer notre pr\u00e9sence en Province de Li\u00e8ge dans le secteur de la location et de la vente de mat\u00e9riel et d\u2019outillage professionnel.","og_url":"https:\/\/www.thecityrent.be\/de\/offre-demploi-technico-commercial\/","og_site_name":"The City Rent &amp; Partner","article_published_time":"2026-04-14T08:39:07+00:00","article_modified_time":"2026-04-14T08:39:09+00:00","og_image":[{"width":1080,"height":1350,"url":"https:\/\/www.thecityrent.be\/wp-content\/uploads\/2026-02.jpg","type":"image\/jpeg"}],"author":"Client","twitter_card":"summary_large_image","twitter_misc":{"Verfasst von":"Client","Gesch\u00e4tzte Lesezeit":"1\u00a0Minute"},"schema":{"@context":"https:\/\/schema.org","@graph":[{"@type":"Article","@id":"https:\/\/www.thecityrent.be\/de\/offre-demploi-technico-commercial\/#article","isPartOf":{"@id":"https:\/\/www.thecityrent.be\/de\/offre-demploi-technico-commercial\/"},"author":{"name":"Client","@id":"https:\/\/www.thecityrent.be\/#\/schema\/person\/f9f8f47c51c9d07eefdc80df299e90e9"},"headline":"Offre d&#8217;emploi : Technico-commercial","datePublished":"2026-04-14T08:39:07+00:00","dateModified":"2026-04-14T08:39:09+00:00","mainEntityOfPage":{"@id":"https:\/\/www.thecityrent.be\/de\/offre-demploi-technico-commercial\/"},"wordCount":189,"image":{"@id":"https:\/\/www.thecityrent.be\/de\/offre-demploi-technico-commercial\/#primaryimage"},"thumbnailUrl":"https:\/\/www.thecityrent.be\/wp-content\/uploads\/2026-02.jpg","articleSection":["News"],"inLanguage":"de"},{"@type":"WebPage","@id":"https:\/\/www.thecityrent.be\/de\/offre-demploi-technico-commercial\/","url":"https:\/\/www.thecityrent.be\/de\/offre-demploi-technico-commercial\/","name":"Offre d'emploi : Technico-commercial - The City Rent &amp; Partner","isPartOf":{"@id":"https:\/\/www.thecityrent.be\/#website"},"primaryImageOfPage":{"@id":"https:\/\/www.thecityrent.be\/de\/offre-demploi-technico-commercial\/#primaryimage"},"image":{"@id":"https:\/\/www.thecityrent.be\/de\/offre-demploi-technico-commercial\/#primaryimage"},"thumbnailUrl":"https:\/\/www.thecityrent.be\/wp-content\/uploads\/2026-02.jpg","datePublished":"2026-04-14T08:39:07+00:00","dateModified":"2026-04-14T08:39:09+00:00","author":{"@id":"https:\/\/www.thecityrent.be\/#\/schema\/person\/f9f8f47c51c9d07eefdc80df299e90e9"},"breadcrumb":{"@id":"https:\/\/www.thecityrent.be\/de\/offre-demploi-technico-commercial\/#breadcrumb"},"inLanguage":"de","potentialAction":[{"@type":"ReadAction","target":["https:\/\/www.thecityrent.be\/de\/offre-demploi-technico-commercial\/"]}]},{"@type":"ImageObject","inLanguage":"de","@id":"https:\/\/www.thecityrent.be\/de\/offre-demploi-technico-commercial\/#primaryimage","url":"https:\/\/www.thecityrent.be\/wp-content\/uploads\/2026-02.jpg","contentUrl":"https:\/\/www.thecityrent.be\/wp-content\/uploads\/2026-02.jpg","width":1080,"height":1350},{"@type":"BreadcrumbList","@id":"https:\/\/www.thecityrent.be\/de\/offre-demploi-technico-commercial\/#breadcrumb","itemListElement":[{"@type":"ListItem","position":1,"name":"Home","item":"https:\/\/www.thecityrent.be\/de\/"},{"@type":"ListItem","position":2,"name":"Offre d&#8217;emploi : Technico-commercial"}]},{"@type":"WebSite","@id":"https:\/\/www.thecityrent.be\/#website","url":"https:\/\/www.thecityrent.be\/","name":"The City Rent &amp; Partner","description":"Votre partenaire pour la location de mat\u00e9riel, outillage &amp; v\u00e9hicules","potentialAction":[{"@type":"SearchAction","target":{"@type":"EntryPoint","urlTemplate":"https:\/\/www.thecityrent.be\/?s={search_term_string}"},"query-input":{"@type":"PropertyValueSpecification","valueRequired":true,"valueName":"search_term_string"}}],"inLanguage":"de"},{"@type":"Person","@id":"https:\/\/www.thecityrent.be\/#\/schema\/person\/f9f8f47c51c9d07eefdc80df299e90e9","name":"Client","image":{"@type":"ImageObject","inLanguage":"de","@id":"https:\/\/secure.gravatar.com\/avatar\/77950e4043a998dd87e03a0ad238102c532fb381f4a61cbffdba8acfed488ebc?s=96&d=mm&r=g","url":"https:\/\/secure.gravatar.com\/avatar\/77950e4043a998dd87e03a0ad238102c532fb381f4a61cbffdba8acfed488ebc?s=96&d=mm&r=g","contentUrl":"https:\/\/secure.gravatar.com\/avatar\/77950e4043a998dd87e03a0ad238102c532fb381f4a61cbffdba8acfed488ebc?s=96&d=mm&r=g","caption":"Client"},"description":"USsgtce89N#SG0HGYcXD9BRg"}]}},"_links":{"self":[{"href":"https:\/\/www.thecityrent.be\/de\/wp-json\/wp\/v2\/posts\/8862","targetHints":{"allow":["GET"]}}],"collection":[{"href":"https:\/\/www.thecityrent.be\/de\/wp-json\/wp\/v2\/posts"}],"about":[{"href":"https:\/\/www.thecityrent.be\/de\/wp-json\/wp\/v2\/types\/post"}],"author":[{"embeddable":true,"href":"https:\/\/www.thecityrent.be\/de\/wp-json\/wp\/v2\/users\/2"}],"replies":[{"embeddable":true,"href":"https:\/\/www.thecityrent.be\/de\/wp-json\/wp\/v2\/comments?post=8862"}],"version-history":[{"count":3,"href":"https:\/\/www.thecityrent.be\/de\/wp-json\/wp\/v2\/posts\/8862\/revisions"}],"predecessor-version":[{"id":8865,"href":"https:\/\/www.thecityrent.be\/de\/wp-json\/wp\/v2\/posts\/8862\/revisions\/8865"}],"wp:featuredmedia":[{"embeddable":true,"href":"https:\/\/www.thecityrent.be\/de\/wp-json\/wp\/v2\/media\/8649"}],"wp:attachment":[{"href":"https:\/\/www.thecityrent.be\/de\/wp-json\/wp\/v2\/media?parent=8862"}],"wp:term":[{"taxonomy":"category","embeddable":true,"href":"https:\/\/www.thecityrent.be\/de\/wp-json\/wp\/v2\/categories?post=8862"},{"taxonomy":"post_tag","embeddable":true,"href":"https:\/\/www.thecityrent.be\/de\/wp-json\/wp\/v2\/tags?post=8862"}],"curies":[{"name":"wp","href":"https:\/\/api.w.org\/{rel}","templated":true}]}}